{"id":502,"date":"2015-07-03T22:40:45","date_gmt":"2015-07-03T20:40:45","guid":{"rendered":"https:\/\/nangijala.appelis.se\/?p=502"},"modified":"2015-07-06T11:23:36","modified_gmt":"2015-07-06T09:23:36","slug":"karon-slattanas","status":"publish","type":"post","link":"https:\/\/www.appelis.se\/?p=502","title":{"rendered":"Kar\u00f6n Sl\u00e4ttan\u00e4s"},"content":{"rendered":"<p>Kastade loss efter lunch i l\u00e4tt vind, och l\u00e4mnade en klart underskattad Kar\u00f6n. Fin badstrand, med m\u00f6jlighet till skugga, fr\u00e4sch toa\/dusch och r\u00e4kbuffe. Satte segel inne fr\u00e5n lyspricken vid Kar\u00f6n och kryssade ut. Det k\u00e4ndes lite tr\u00e5ngt vid grunden utanf\u00f6r G\u00f6 och vi tog in till f\u00f6rsta revet p\u00e5 genuan f\u00f6r att kunna sl\u00e5 snabbare. Hade bra fart \u00e4nda ut till v\u00e4stpricken, d\u00e4r avtog vinden och vi gick sakta mot N\u00e5lsten. Saknade vindv\u00e4rden hela v\u00e4gen. Omkring n\u00e5lsten fladdrade seglen mer i v\u00e5gorna \u00e4n de drev oss framm\u00e5t s\u00e5 vi gick f\u00f6r motor d\u00e4rifr\u00e5n. Inne p\u00e5 fj\u00e4rden bl\u00e5ste det l\u00e4tt, klart segelbart men vi fortsatte f\u00f6r motor f\u00f6r att komma snabbare in i hamn och natta barnen hemma.<\/p>\n","protected":false},"excerpt":{"rendered":"<p>Kastade loss efter lunch i l\u00e4tt vind, och l\u00e4mnade en klart underskattad Kar\u00f6n. Fin badstrand, med m\u00f6jlighet till skugga, fr\u00e4sch toa\/dusch och r\u00e4kbuffe. Satte segel inne fr\u00e5n lyspricken vid Kar\u00f6n och kryssade ut. Det k\u00e4ndes lite tr\u00e5ngt vid grunden utanf\u00f6r G\u00f6 och vi tog in till f\u00f6rsta revet p\u00e5 genuan f\u00f6r att kunna sl\u00e5 snabbare. [&hellip;]<\/p>\n","protected":false},"author":1,"featured_media":0,"comment_status":"open","ping_status":"open","sticky":false,"template":"","format":"standard","meta":{"footnotes":""},"categories":[4],"tags":[],"class_list":["post-502","post","type-post","status-publish","format-standard","hentry","category-milou"],"_links":{"self":[{"href":"https:\/\/www.appelis.se\/index.php?rest_route=\/wp\/v2\/posts\/502","targetHints":{"allow":["GET"]}}],"collection":[{"href":"https:\/\/www.appelis.se\/index.php?rest_route=\/wp\/v2\/posts"}],"about":[{"href":"https:\/\/www.appelis.se\/index.php?rest_route=\/wp\/v2\/types\/post"}],"author":[{"embeddable":true,"href":"https:\/\/www.appelis.se\/index.php?rest_route=\/wp\/v2\/users\/1"}],"replies":[{"embeddable":true,"href":"https:\/\/www.appelis.se\/index.php?rest_route=%2Fwp%2Fv2%2Fcomments&post=502"}],"version-history":[{"count":2,"href":"https:\/\/www.appelis.se\/index.php?rest_route=\/wp\/v2\/posts\/502\/revisions"}],"predecessor-version":[{"id":506,"href":"https:\/\/www.appelis.se\/index.php?rest_route=\/wp\/v2\/posts\/502\/revisions\/506"}],"wp:attachment":[{"href":"https:\/\/www.appelis.se\/index.php?rest_route=%2Fwp%2Fv2%2Fmedia&parent=502"}],"wp:term":[{"taxonomy":"category","embeddable":true,"href":"https:\/\/www.appelis.se\/index.php?rest_route=%2Fwp%2Fv2%2Fcategories&post=502"},{"taxonomy":"post_tag","embeddable":true,"href":"https:\/\/www.appelis.se\/index.php?rest_route=%2Fwp%2Fv2%2Ftags&post=502"}],"curies":[{"name":"wp","href":"https:\/\/api.w.org\/{rel}","templated":true}]}}