{"id":419,"date":"2014-09-14T20:09:37","date_gmt":"2014-09-14T18:09:37","guid":{"rendered":"https:\/\/nangijala.appelis.se\/?p=419"},"modified":"2014-09-14T20:09:37","modified_gmt":"2014-09-14T18:09:37","slug":"avslutning-onsdagssegling-no-6-11ms","status":"publish","type":"post","link":"https:\/\/www.appelis.se\/?p=419","title":{"rendered":"Avslutning onsdagssegling, NO, 6-11m\/s"},"content":{"rendered":"<p>Idag hade vi ingen barnvakt och skepparen fick \u00e5ka sj\u00e4lv till hamnen och k\u00e4nna om det skulle g\u00e5 att segla sj\u00e4lv, vilket han hoppades p\u00e5. <\/p>\n<p>\u00c5kte tidigt f\u00f6r att hinna k\u00e4nna efter lite extra och hinna ta en runda p\u00e5 fj\u00e4rden. Blev f\u00f6rst \u00f6verraskad av hur l\u00e4tt vind det var mot f\u00f6rv\u00e4ntat, men den \u00f6kade n\u00e4stan s\u00e5 fort \u00f6verraskningen sjunkit in. Medan vinden \u00f6kade f\u00f6rs\u00f6kte vi som kommit r\u00e4kna efter om det kommer en skeppare till s\u00e5 det blir start. Vi v\u00e4ntade medan det bl\u00e5ste upp ytterligare lite och fler skeppare d\u00f6k upp. <\/p>\n<p>Allt eftersom det bl\u00e5ste upp mer blir jag mer och mer tveksam till att g\u00e5 ut sj\u00e4lv. \u00c4ven Per var utan gast och inte sugen p\u00e5 att g\u00e5 ut sj\u00e4lv och vi best\u00e4mde att vi seglar tillsammans i en b\u00e5t. Valet f\u00f6ll p\u00e5 min b\u00e5t, d\u00e5 den bl a \u00e4r mer j\u00e4mnsnabb med \u00f6vriga startande b\u00e5tar och jag g\u00e4rna ville prova den i lite mer vind och trodde det r\u00e4ckte att komma efter Johan i tv\u00e5 seglingar f\u00f6r att komma f\u00f6rbi i slutresultatet.<\/p>\n<p>Sp\u00e4nde vanten lite extra och kom ut ganska sent. Hann k\u00e4nna lite p\u00e5 hur mycket vi ville ha inrullat p\u00e5 genuan och f\u00e5 en ganska skaplig start. <\/p>\n<p>Rundade Stutafl\u00f6ten som 3a ganska t\u00e4tt inp\u00e5 Patrik. Str\u00e4ckte n\u00e4stan m\u00e4rket efter att vi beh\u00f6vde sl\u00e5 f\u00f6r att inte komma f\u00f6r l\u00e5ngt mot Sl\u00e4d\u00f6. F\u00f6rs\u00f6kte pina den korta biten upp till m\u00e4rket och \u00e5ka de sista b\u00e5tl\u00e4ngderna p\u00e5 v\u00e5r fart mot vind\u00f6gat. Det gick n\u00e4stan, om det hade g\u00e5tt hade vi g\u00e5tt f\u00f6rbi Patrik, ist\u00e4llet fick vi snurra ett varv, tappa b\u00e5de Patrik och Johan och l\u00e4ra oss mer hur l\u00e5ngt man kommer p\u00e5 farten i en Dixie 27.<\/p>\n<p>Ner till Helg\u00f6 h\u00f6ll vi lite mot Jord\u00f6 i ett f\u00f6rs\u00f6k att hitta b\u00e4ttre v\u00e4g. Tappade lite till p\u00e5 det och rundade upp mot Alm\u00f6 s\u00f6dra. Str\u00e4ckte n\u00e4stan m\u00e4rket direkt men fick sl\u00e5 n\u00e5gra ggr n\u00e4r vinden vred. Fick ett par ganska kraftiga byar p\u00e5 oss, varav den sista innan rundning fick oss att luta s\u00e5 pass att det sk\u00f6ljde upp \u00f6ver d\u00e4ck.<\/p>\n<p>P\u00e5 v\u00e4g tillbaka till Helg\u00f6 var det till en b\u00f6rjan sv\u00e5rt att f\u00e5 genuan att st\u00e5 och efter ett tag fick vi gippa. Skotade nog inte in tillr\u00e4ckligt innan gippen f\u00f6r det s\u00f6g tag ordentligt i storen n\u00e4r den fylldes p\u00e5 andra sidan. Per ber\u00e4ttade att det k\u00e4ndes i rodret, s\u00e5 det var sv\u00e5rt att h\u00e5lla emot. Rundade upp och tyckte b\u00e5de Patrik och Johan var inom r\u00e4ckh\u00e5ll och seglade p\u00e5, rundade fint vid Stutafl\u00f6ten och var n\u00e4stan ifatt. Fick inte in genuan innanf\u00f6r mant\u00e5get och kunde inte ta h\u00f6jd ordentligt, fick inte in den efter slaget heller och hade dessutom seglat alldeles f\u00f6r l\u00e5ngt s\u00e5 vi beh\u00f6vde det inte heller.Vi hade tappade dem igen.<\/p>\n<p>Kom i m\u00e5l n\u00e5gon halvminut efter Johan p\u00e5 en klar jumboplats.<\/p>\n<p>En sp\u00e4nnande och l\u00e4rorik segling!<\/p>\n","protected":false},"excerpt":{"rendered":"<p>Idag hade vi ingen barnvakt och skepparen fick \u00e5ka sj\u00e4lv till hamnen och k\u00e4nna om det skulle g\u00e5 att segla sj\u00e4lv, vilket han hoppades p\u00e5. \u00c5kte tidigt f\u00f6r att hinna k\u00e4nna efter lite extra och hinna ta en runda p\u00e5 fj\u00e4rden. Blev f\u00f6rst \u00f6verraskad av hur l\u00e4tt vind det var mot f\u00f6rv\u00e4ntat, men den \u00f6kade [&hellip;]<\/p>\n","protected":false},"author":1,"featured_media":0,"comment_status":"open","ping_status":"open","sticky":false,"template":"","format":"standard","meta":{"footnotes":""},"categories":[4],"tags":[],"class_list":["post-419","post","type-post","status-publish","format-standard","hentry","category-milou"],"_links":{"self":[{"href":"https:\/\/www.appelis.se\/index.php?rest_route=\/wp\/v2\/posts\/419","targetHints":{"allow":["GET"]}}],"collection":[{"href":"https:\/\/www.appelis.se\/index.php?rest_route=\/wp\/v2\/posts"}],"about":[{"href":"https:\/\/www.appelis.se\/index.php?rest_route=\/wp\/v2\/types\/post"}],"author":[{"embeddable":true,"href":"https:\/\/www.appelis.se\/index.php?rest_route=\/wp\/v2\/users\/1"}],"replies":[{"embeddable":true,"href":"https:\/\/www.appelis.se\/index.php?rest_route=%2Fwp%2Fv2%2Fcomments&post=419"}],"version-history":[{"count":0,"href":"https:\/\/www.appelis.se\/index.php?rest_route=\/wp\/v2\/posts\/419\/revisions"}],"wp:attachment":[{"href":"https:\/\/www.appelis.se\/index.php?rest_route=%2Fwp%2Fv2%2Fmedia&parent=419"}],"wp:term":[{"taxonomy":"category","embeddable":true,"href":"https:\/\/www.appelis.se\/index.php?rest_route=%2Fwp%2Fv2%2Fcategories&post=419"},{"taxonomy":"post_tag","embeddable":true,"href":"https:\/\/www.appelis.se\/index.php?rest_route=%2Fwp%2Fv2%2Ftags&post=419"}],"curies":[{"name":"wp","href":"https:\/\/api.w.org\/{rel}","templated":true}]}}