{"id":411,"date":"2014-09-10T22:50:08","date_gmt":"2014-09-10T20:50:08","guid":{"rendered":"https:\/\/nangijala.appelis.se\/?p=411"},"modified":"2014-09-10T22:50:08","modified_gmt":"2014-09-10T20:50:08","slug":"onsdagssegling-o-1-3ms","status":"publish","type":"post","link":"https:\/\/www.appelis.se\/?p=411","title":{"rendered":"Onsdagssegling, O, 1-3m\/s"},"content":{"rendered":"<p>Idag var Johan med oss och invigde spinnaker och visade hur den hanteras. Mycket kul att f\u00e5 se den uppe och hur man g\u00f6r med den, tack Johan!<\/p>\n<p>Kom ut ganska sent, hann bara s\u00e4tta segel och segla rakt mot startlinjen.<\/p>\n<p>P\u00e5 v\u00e4gen mot Stutafl\u00f6ten hade vi vinden i sidan och n\u00e5got bakifr\u00e5n ibland. B\u00e5tarna bakom satte spinnaker och b\u00f6rjade knappa in. Vi satte ocks\u00e5 spinnaker och b\u00f6rjade knappa in p\u00e5 Rolf och hann komma upp j\u00e4msides. Rundade vid Stutafl\u00f6ten som 3:e b\u00e5t, med tre i bredd och plats f\u00f6r m\u00e4rke.<\/p>\n<p>H\u00f6ll kvar och \u00f6kade ledningen mot Patrik ner till Helg\u00f6. Gick lite f\u00f6r rakt mot Alm\u00f6 s\u00f6dra f\u00f6r att klara vreden inne i viken och b\u00f6rjade pina f\u00f6r mycket efter att ha uppt\u00e4ckt det. Patrik d\u00e4remot gjorde ett fint ben med bra h\u00f6jd och fart och hann f\u00f6rbi innan m\u00e4rket. Vi n\u00e5dde inte m\u00e4rket efter f\u00f6rsta slaget och tappade ytterligare. N\u00e5dde inte Alm\u00f6 norra heller och fick sl\u00e5 ytterligare en g\u00e5ng och Patrik hade dragit ifr\u00e5n mer \u00e4n vi kunde h\u00e4mta in.<\/p>\n<p>Strax efter Alm\u00f6 norra satte vi spinnaker igen, i halvm\u00f6rker, f\u00f6rst som timglas och insnurrad i genuan och d\u00e4refter som det ska se ut. Hann aldrig ifatt Patrik men \u00f6kade avst\u00e5ndet fr\u00e5n Roland. Kom i m\u00e5l som 4:e b\u00e5t med t\u00e4nda lanternor.<\/p>\n<p>\u00c4ven i omr\u00e4knad tid kom vi 4:a med ca 30s marginal, ca 2,5 min efter Patrik. Sammanlagt, med en DNC mindre att r\u00e4kna, har vi kommit ifatt Johan med hans egen hj\u00e4lp. Mellan oss blir l\u00e4r det bli tuff kamp och sp\u00e4nning hela s\u00f6ndagen, hoppas ingen gl\u00f6mmer nyckeln eller r\u00e5kar ut f\u00f6r n\u00e5got annat d\u00e5&#8230;<\/p>\n","protected":false},"excerpt":{"rendered":"<p>Idag var Johan med oss och invigde spinnaker och visade hur den hanteras. Mycket kul att f\u00e5 se den uppe och hur man g\u00f6r med den, tack Johan! Kom ut ganska sent, hann bara s\u00e4tta segel och segla rakt mot startlinjen. P\u00e5 v\u00e4gen mot Stutafl\u00f6ten hade vi vinden i sidan och n\u00e5got bakifr\u00e5n ibland. B\u00e5tarna [&hellip;]<\/p>\n","protected":false},"author":1,"featured_media":0,"comment_status":"open","ping_status":"open","sticky":false,"template":"","format":"standard","meta":{"footnotes":""},"categories":[4],"tags":[],"class_list":["post-411","post","type-post","status-publish","format-standard","hentry","category-milou"],"_links":{"self":[{"href":"https:\/\/www.appelis.se\/index.php?rest_route=\/wp\/v2\/posts\/411","targetHints":{"allow":["GET"]}}],"collection":[{"href":"https:\/\/www.appelis.se\/index.php?rest_route=\/wp\/v2\/posts"}],"about":[{"href":"https:\/\/www.appelis.se\/index.php?rest_route=\/wp\/v2\/types\/post"}],"author":[{"embeddable":true,"href":"https:\/\/www.appelis.se\/index.php?rest_route=\/wp\/v2\/users\/1"}],"replies":[{"embeddable":true,"href":"https:\/\/www.appelis.se\/index.php?rest_route=%2Fwp%2Fv2%2Fcomments&post=411"}],"version-history":[{"count":0,"href":"https:\/\/www.appelis.se\/index.php?rest_route=\/wp\/v2\/posts\/411\/revisions"}],"wp:attachment":[{"href":"https:\/\/www.appelis.se\/index.php?rest_route=%2Fwp%2Fv2%2Fmedia&parent=411"}],"wp:term":[{"taxonomy":"category","embeddable":true,"href":"https:\/\/www.appelis.se\/index.php?rest_route=%2Fwp%2Fv2%2Fcategories&post=411"},{"taxonomy":"post_tag","embeddable":true,"href":"https:\/\/www.appelis.se\/index.php?rest_route=%2Fwp%2Fv2%2Ftags&post=411"}],"curies":[{"name":"wp","href":"https:\/\/api.w.org\/{rel}","templated":true}]}}