{"id":400,"date":"2014-09-07T19:11:36","date_gmt":"2014-09-07T17:11:36","guid":{"rendered":"https:\/\/nangijala.appelis.se\/?p=400"},"modified":"2014-09-07T19:11:36","modified_gmt":"2014-09-07T17:11:36","slug":"sbs-cup-o-so-3-5ms","status":"publish","type":"post","link":"https:\/\/www.appelis.se\/?p=400","title":{"rendered":"SBS Cup, O-SO, 3-5m\/s"},"content":{"rendered":"<p>V\u00e5r f\u00f6rsta kappsegling i n\u00e4rmast perfekt segelv\u00e4der!<\/p>\n<p>Missade 5-minutaren, men s\u00e5g att flaggan var uppe och startade nedr\u00e4kning innan f\u00f6rberedelsesignalen, som vi inte heller h\u00f6rde men gissade ungef\u00e4r n\u00e4r flaggan\u00a0kom upp.<\/p>\n<p>Fick en skaplig start och det var mycket j\u00e4mnt upp till Djupasund. Kul att h\u00e4nga med s\u00e5 n\u00e4ra andra snabbare b\u00e5tar. I sundet kom och vred vinden lite till och fr\u00e5n. Vi f\u00f6rs\u00f6kte glida f\u00f6rbi Per i sin \u00c5H p\u00e5 l\u00e4sidan, f\u00f6r att inte riskera att bli luffade i l\u00e4 bakom Sl\u00e4d\u00f6, flera ggr men stannade i vindskuggan varje g\u00e5ng. Antagligen fel val, d\u00e5 vi l\u00e5g skuggade n\u00e4r det kom vindpustar som hade r\u00e4ckt f\u00f6r att ge oss fart medan \u00c5Hn knappast m\u00e4rkte av dem. N\u00e4r jag h\u00f6rde Bavarian b\u00f6rja porla bakom oss blev jag r\u00e4dd att vi skulle hamna i hans skugga b\u00e5da tv\u00e5, men vi klarade oss. Tror att vi provar lovartsidan n\u00e4sta g\u00e5ng i liknande situation.<\/p>\n<p>Fortsatte med mycket fint flyt, hade n\u00e4stan kontakt med b\u00e5tarna framf\u00f6r \u00e4nda fram till S\u00e4ttekullarna och seglade f\u00f6rbi Per\u00a0efter Storeklimp, d\u00e5 han\u00a0verkade f\u00f6lja med p\u00e5 tidigare b\u00e5tras b\u00e5ge i l\u00e4, medan\u00a0vi gick mer rakt p\u00e5 S\u00e4ttekullarna. H\u00f6ll f\u00f6rspr\u00e5nget\u00a0\u00e4nda fram till N\u00e5lsten, d\u00e4r vi s\u00e5g\u00a0b\u00e5tarna framf\u00f6r dra ifr\u00e5n mer och mer. Fick lite vajsing p\u00e5 genuans akterlik, som b\u00f6rjade fladdra ih\u00e4rdigt och inte slutade n\u00e4r vi skotade efter att vi rundade upp. N\u00e4r jag gett upp att anv\u00e4nda sp\u00e4nnet till likstr\u00e4ckaren och i st\u00e4llet slagit en knut i hornet och allt verkade funka fick vi pina oss f\u00f6rbi Kr\u00e5kan (d\u00e4r vi antagligen skulle gjort ett extra slag ist\u00e4llet). N\u00e4r vi till slut var f\u00f6rbi hade vi tappat \u00e4ven Per.<\/p>\n<p>Hade skapligt flyt fr\u00e5n Kr\u00e5kan till Storeklimp men knappade nog \u00e4nd\u00e5 inte in det minsta fram\u00e5t.<\/p>\n<p>Efter att ha rundat Storeklimp vred det \u00e5terigen fram och tillbaka flera g\u00e5nger, och vi trodde oss n\u00e4sta kunna pina runt grundet in i Djupasund. N\u00e4stan f\u00f6rbi, ganska n\u00e4ra, vred det dock \u00e5t fel h\u00e5ll och vi tvingades sl\u00e5. N\u00e4r slaget v\u00e4l var klart vred det tillbaka och vi k\u00e4nde oss segla bak\u00e5t. Efter n\u00e5gra slag till kom vi till slut in i sundet med nya vred och skuggor mellan \u00f6arna. Kunde se att Per\u00a0kommit bra l\u00e5ngt in men halkat l\u00e4ngre ner mot Tork\u00f6 \u00e4n vi vill segla och passade extra p\u00e5 alla lyft vi kunde f\u00e5. H\u00e4mtade s\u00e4kert in en del p\u00e5 det. Klarade oss v\u00e4l genom sundet och fick ett fint extra lyft runt udden, som jag inte vet hur n\u00e4ra vi v\u00e5gar g\u00e5, innan vi kom ut p\u00e5 fj\u00e4rden och fick bra fart igen.<\/p>\n<p>F\u00f6rs\u00f6kte r\u00e4kna minutrar fr\u00e5n gissad m\u00e5lg\u00e5ng mot Per och r\u00e4knade med att komma i fatt p\u00e5 v\u00e5rt l\u00e4gre LYS. Det gjorde vi men bara med n\u00e5gon minuts marginal och vi kom 3:a av 5 b\u00e5tar. 1:a och 2:a ca 9min innan med bara en enda sekunds mellanrum.<\/p>\n<p>Fr\u00e5n prisbordet fick vi med oss en torrboll att ha i b\u00e5ten under vintern. Skepparen fick\u00a0\u00e4ven den vita randen under det nyligen bort klippta h\u00e5ret fylld med vackert lagom r\u00f6d-brunt.<\/p>\n","protected":false},"excerpt":{"rendered":"<p>V\u00e5r f\u00f6rsta kappsegling i n\u00e4rmast perfekt segelv\u00e4der! Missade 5-minutaren, men s\u00e5g att flaggan var uppe och startade nedr\u00e4kning innan f\u00f6rberedelsesignalen, som vi inte heller h\u00f6rde men gissade ungef\u00e4r n\u00e4r flaggan\u00a0kom upp. Fick en skaplig start och det var mycket j\u00e4mnt upp till Djupasund. Kul att h\u00e4nga med s\u00e5 n\u00e4ra andra snabbare b\u00e5tar. I sundet kom [&hellip;]<\/p>\n","protected":false},"author":1,"featured_media":0,"comment_status":"open","ping_status":"open","sticky":false,"template":"","format":"standard","meta":{"footnotes":""},"categories":[4],"tags":[],"class_list":["post-400","post","type-post","status-publish","format-standard","hentry","category-milou"],"_links":{"self":[{"href":"https:\/\/www.appelis.se\/index.php?rest_route=\/wp\/v2\/posts\/400","targetHints":{"allow":["GET"]}}],"collection":[{"href":"https:\/\/www.appelis.se\/index.php?rest_route=\/wp\/v2\/posts"}],"about":[{"href":"https:\/\/www.appelis.se\/index.php?rest_route=\/wp\/v2\/types\/post"}],"author":[{"embeddable":true,"href":"https:\/\/www.appelis.se\/index.php?rest_route=\/wp\/v2\/users\/1"}],"replies":[{"embeddable":true,"href":"https:\/\/www.appelis.se\/index.php?rest_route=%2Fwp%2Fv2%2Fcomments&post=400"}],"version-history":[{"count":0,"href":"https:\/\/www.appelis.se\/index.php?rest_route=\/wp\/v2\/posts\/400\/revisions"}],"wp:attachment":[{"href":"https:\/\/www.appelis.se\/index.php?rest_route=%2Fwp%2Fv2%2Fmedia&parent=400"}],"wp:term":[{"taxonomy":"category","embeddable":true,"href":"https:\/\/www.appelis.se\/index.php?rest_route=%2Fwp%2Fv2%2Fcategories&post=400"},{"taxonomy":"post_tag","embeddable":true,"href":"https:\/\/www.appelis.se\/index.php?rest_route=%2Fwp%2Fv2%2Ftags&post=400"}],"curies":[{"name":"wp","href":"https:\/\/api.w.org\/{rel}","templated":true}]}}