{"id":387,"date":"2014-08-24T18:46:11","date_gmt":"2014-08-24T16:46:11","guid":{"rendered":"https:\/\/nangijala.appelis.se\/?p=387"},"modified":"2014-08-24T18:46:11","modified_gmt":"2014-08-24T16:46:11","slug":"bana-a-avkortad-sv-5-9ms","status":"publish","type":"post","link":"https:\/\/www.appelis.se\/?p=387","title":{"rendered":"Bana A avkortad, SV 5-9m\/s"},"content":{"rendered":"<p>H\u00f6gvatten och segelv\u00e4der! D\u00e5 vi avstod onsdagens segling med n\u00e5got f\u00f6r h\u00e5rd vind seglade vi en egen idag u mer passande vind. V\u00e5r minsta bes\u00e4ttningsmedlem\u00a0var m\u00e5ttligt f\u00f6rtjust ungef\u00e4r hela resan men tyckte iaf om att f\u00e5 en fruktp\u00e5se och somnade tills vi skulle l\u00e4gga till, vilket underl\u00e4ttar. Vindgivaren br\u00e5kade hela rundan och ville inte visa riktningen riktigt. Den verkade dock ha ordnat till sig n\u00e4r vi kom i hamn. Vid bryggan fick vi hj\u00e4lp att l\u00e4gga\u00a0till\u00a0av en trevlig IF-\u00e4gare som hade seglat i onsdags.<\/p>\n","protected":false},"excerpt":{"rendered":"<p>H\u00f6gvatten och segelv\u00e4der! D\u00e5 vi avstod onsdagens segling med n\u00e5got f\u00f6r h\u00e5rd vind seglade vi en egen idag u mer passande vind. V\u00e5r minsta bes\u00e4ttningsmedlem\u00a0var m\u00e5ttligt f\u00f6rtjust ungef\u00e4r hela resan men tyckte iaf om att f\u00e5 en fruktp\u00e5se och somnade tills vi skulle l\u00e4gga till, vilket underl\u00e4ttar. Vindgivaren br\u00e5kade hela rundan och ville inte visa [&hellip;]<\/p>\n","protected":false},"author":1,"featured_media":0,"comment_status":"open","ping_status":"open","sticky":false,"template":"","format":"standard","meta":{"footnotes":""},"categories":[4],"tags":[],"class_list":["post-387","post","type-post","status-publish","format-standard","hentry","category-milou"],"_links":{"self":[{"href":"https:\/\/www.appelis.se\/index.php?rest_route=\/wp\/v2\/posts\/387","targetHints":{"allow":["GET"]}}],"collection":[{"href":"https:\/\/www.appelis.se\/index.php?rest_route=\/wp\/v2\/posts"}],"about":[{"href":"https:\/\/www.appelis.se\/index.php?rest_route=\/wp\/v2\/types\/post"}],"author":[{"embeddable":true,"href":"https:\/\/www.appelis.se\/index.php?rest_route=\/wp\/v2\/users\/1"}],"replies":[{"embeddable":true,"href":"https:\/\/www.appelis.se\/index.php?rest_route=%2Fwp%2Fv2%2Fcomments&post=387"}],"version-history":[{"count":0,"href":"https:\/\/www.appelis.se\/index.php?rest_route=\/wp\/v2\/posts\/387\/revisions"}],"wp:attachment":[{"href":"https:\/\/www.appelis.se\/index.php?rest_route=%2Fwp%2Fv2%2Fmedia&parent=387"}],"wp:term":[{"taxonomy":"category","embeddable":true,"href":"https:\/\/www.appelis.se\/index.php?rest_route=%2Fwp%2Fv2%2Fcategories&post=387"},{"taxonomy":"post_tag","embeddable":true,"href":"https:\/\/www.appelis.se\/index.php?rest_route=%2Fwp%2Fv2%2Ftags&post=387"}],"curies":[{"name":"wp","href":"https:\/\/api.w.org\/{rel}","templated":true}]}}