{"id":280,"date":"2014-07-18T21:03:38","date_gmt":"2014-07-18T19:03:38","guid":{"rendered":"https:\/\/nangijala.appelis.se\/?p=280"},"modified":"2014-07-18T21:03:38","modified_gmt":"2014-07-18T19:03:38","slug":"milou-inforskaffades","status":"publish","type":"post","link":"https:\/\/www.appelis.se\/?p=280","title":{"rendered":"Milou inf\u00f6rskaffas"},"content":{"rendered":"<p>Idag k\u00f6pte jag Milou af F\u00e5gelvik, en Dixie 27 fr\u00e5n -82 eller m\u00f6jligen senare.<\/p>\n<p><a href=\"https:\/\/nangijala.appelis.se\/wp-content\/uploads\/2014\/07\/10565225_10152285939188111_5726332302700173874_n.jpg\"><img loading=\"lazy\" decoding=\"async\" class=\"alignnone size-medium wp-image-304\" src=\"https:\/\/nangijala.appelis.se\/wp-content\/uploads\/2014\/07\/10565225_10152285939188111_5726332302700173874_n-300x168.jpg\" alt=\"10565225_10152285939188111_5726332302700173874_n\" width=\"300\" height=\"168\" \/><\/a><\/p>\n<p>Det\u00a0gick ganska fort, vi\u00a0provseglade ig\u00e5r kv\u00e4ll efter att f\u00e5tt erbjudande i onsdags\u00a0kv\u00e4ll och tittat ig\u00e5r p\u00e5 f\u00f6rmiddagen. Sm\u00e5tt besvikna l\u00e4mnade vi efter provseglingen d\u00e5 det var en p\u00f6l olja under motorn som Jakob inte sett innan. P\u00f6len visade sig komma fr\u00e5n en f\u00e4rgflaga som kommit i kl\u00e4m vid packningen till oljefiltret som sitter ganska tr\u00e5ngt till. Idag skulle jag g\u00f6ra ett f\u00f6rs\u00f6k att ordna n\u00e5gon tillf\u00e4llig l\u00f6sning med motorn i M\/S My som l\u00e5ter allt kylvatten rinna ut vid en sliten g\u00e4nga i topplocket. Fick syn p\u00e5 Jakobs bil p\u00e5 parkeringen och tittade f\u00f6rbi efter att ha gett upp med Lilla My, mest f\u00f6r att s\u00e4ga att jag avvaktar med k\u00f6p tills jag s\u00e5lt My. Jakob var d\u00e5 p\u00e5 plats och hade fortsatt\u00a0fels\u00f6ka p\u00e5 oljep\u00f6len. Vi bytte filtret, k\u00f6rde en stund och s\u00e5g att det nu var torrt igen. Kollade sedan igenom \u00f6vriga anm\u00e4rkningar som d\u00e4ckkontakt till vindgivare mm. Till slut enades vi, med delad \u00e5ngest, om ett pris som funkade f\u00f6r mig att riskera att ha tv\u00e5 b\u00e5tar att ta hand om i h\u00f6st och Jakob att veta att han bara har en och kunna semestra i lugn och ro.<\/p>\n<p>Premi\u00e4rturen stannade vid bryggan. Familjen delade p\u00e5 en Capricciosa fr\u00e5n Listerby pizzeria och flickorna b\u00f6rjade sm\u00e5 sm\u00e5tt bo in sig i b\u00e5ten och jag flyttade \u00f6ver lite saker fr\u00e5n gamla M\/S My.<\/p>\n<p>Jag b\u00f6rjade ocks\u00e5 lite sm\u00e5fix:<\/p>\n<ul>\n<li>provade befintliga borrh\u00e5l i instrumentpanel f\u00f6r mitt GPS-f\u00e4ste<\/li>\n<li>tejpa om skadade kablar p\u00e5 d\u00e4ck<\/li>\n<li>tejpa om kniven i akterstaget<\/li>\n<\/ul>\n<p>En del fix \u00e4r kvar att g\u00f6ra i n\u00e4rtid:<\/p>\n<ul>\n<li><span style=\"text-decoration: line-through;\">koppla str\u00f6m och skruva fast GPS-f\u00e4ste<\/span><\/li>\n<li><del>snurra p\u00e5 loggivare<\/del><\/li>\n<li><del>byta packning i toapump<\/del><\/li>\n<li><del>byta packning till gasol regulator<\/del><\/li>\n<li><span style=\"text-decoration: line-through;\">l\u00f6da sladdar till vindgivare i d\u00e4ckgenomf\u00f6ring<\/span><\/li>\n<li>kolla placering av alla genomf\u00f6ringar<\/li>\n<li>kontakt och <del>offeranod<\/del> till v\u00e4rmev\u00e4xlare<\/li>\n<\/ul>\n<p>Fix inf\u00f6r h\u00f6st\/v\u00e5r:<\/p>\n<ul>\n<li>kolla genomf\u00f6ringar<\/li>\n<li>kolla avst\u00e4ngningskran till kylvattenintag, ev montera extra kran mer \u00e5tkomlig f\u00f6r enklare\u00a0konservering<\/li>\n<li>f\u00f6rst\u00e4rka pulpits vid inf\u00e4stningar i skrov, spackla med epoxy, borra nytt h\u00e5l, t\u00e4ta med sika och l\u00e4gga till f\u00f6rst\u00e4rkningsbrickor<\/li>\n<li><del>reng\u00f6ra vattentank<\/del><\/li>\n<li>reng\u00f6ra dieseltank<\/li>\n<li>skyddsbit f\u00f6r att inte kunna skada gasolslang med ankare i ankarbox<\/li>\n<li>kolla bakre k\u00f6lbultsbricka<\/li>\n<li>sp\u00e4nna fast startbatteri<\/li>\n<li>montera elektrisk l\u00e4nspump och gasollarm<\/li>\n<\/ul>\n","protected":false},"excerpt":{"rendered":"<p>Idag k\u00f6pte jag Milou af F\u00e5gelvik, en Dixie 27 fr\u00e5n -82 eller m\u00f6jligen senare. Det\u00a0gick ganska fort, vi\u00a0provseglade ig\u00e5r kv\u00e4ll efter att f\u00e5tt erbjudande i onsdags\u00a0kv\u00e4ll och tittat ig\u00e5r p\u00e5 f\u00f6rmiddagen. Sm\u00e5tt besvikna l\u00e4mnade vi efter provseglingen d\u00e5 det var en p\u00f6l olja under motorn som Jakob inte sett innan. P\u00f6len visade sig komma fr\u00e5n [&hellip;]<\/p>\n","protected":false},"author":1,"featured_media":304,"comment_status":"open","ping_status":"open","sticky":false,"template":"","format":"standard","meta":{"footnotes":""},"categories":[4],"tags":[],"class_list":["post-280","post","type-post","status-publish","format-standard","has-post-thumbnail","hentry","category-milou"],"_links":{"self":[{"href":"https:\/\/www.appelis.se\/index.php?rest_route=\/wp\/v2\/posts\/280","targetHints":{"allow":["GET"]}}],"collection":[{"href":"https:\/\/www.appelis.se\/index.php?rest_route=\/wp\/v2\/posts"}],"about":[{"href":"https:\/\/www.appelis.se\/index.php?rest_route=\/wp\/v2\/types\/post"}],"author":[{"embeddable":true,"href":"https:\/\/www.appelis.se\/index.php?rest_route=\/wp\/v2\/users\/1"}],"replies":[{"embeddable":true,"href":"https:\/\/www.appelis.se\/index.php?rest_route=%2Fwp%2Fv2%2Fcomments&post=280"}],"version-history":[{"count":0,"href":"https:\/\/www.appelis.se\/index.php?rest_route=\/wp\/v2\/posts\/280\/revisions"}],"wp:featuredmedia":[{"embeddable":true,"href":"https:\/\/www.appelis.se\/index.php?rest_route=\/wp\/v2\/media\/304"}],"wp:attachment":[{"href":"https:\/\/www.appelis.se\/index.php?rest_route=%2Fwp%2Fv2%2Fmedia&parent=280"}],"wp:term":[{"taxonomy":"category","embeddable":true,"href":"https:\/\/www.appelis.se\/index.php?rest_route=%2Fwp%2Fv2%2Fcategories&post=280"},{"taxonomy":"post_tag","embeddable":true,"href":"https:\/\/www.appelis.se\/index.php?rest_route=%2Fwp%2Fv2%2Ftags&post=280"}],"curies":[{"name":"wp","href":"https:\/\/api.w.org\/{rel}","templated":true}]}}